{"id":1,"date":"2020-08-11T19:10:10","date_gmt":"2020-08-11T19:10:10","guid":{"rendered":"http:\/\/mrcontadoresyconsultores.com\/?p=1"},"modified":"2020-11-23T18:23:14","modified_gmt":"2020-11-23T23:23:14","slug":"hola-mundo","status":"publish","type":"post","link":"https:\/\/mrcontadoresyconsultores.com\/index.php\/2020\/08\/11\/hola-mundo\/","title":{"rendered":"Decreto 1174 Ago\/2020"},"content":{"rendered":"\t\t<div data-elementor-type=\"wp-post\" data-elementor-id=\"1\" class=\"elementor elementor-1\">\n\t\t\t\t\t\t<div class=\"elementor-inner\">\n\t\t\t\t<div class=\"elementor-section-wrap\">\n\t\t\t\t\t\t\t\t\t<section class=\"elementor-section elementor-top-section elementor-element elementor-element-7f47a7da elementor-section-boxed elementor-section-height-default elementor-section-height-default\" data-id=\"7f47a7da\" data-element_type=\"section\">\n\t\t\t\t\t\t<div class=\"elementor-container elementor-column-gap-default\">\n\t\t\t\t\t\t\t<div class=\"elementor-row\">\n\t\t\t\t\t<div class=\"elementor-column elementor-col-100 elementor-top-column elementor-element elementor-element-43557236\" data-id=\"43557236\" data-element_type=\"column\">\n\t\t\t<div class=\"elementor-column-wrap elementor-element-populated\">\n\t\t\t\t\t\t\t<div class=\"elementor-widget-wrap\">\n\t\t\t\t\t\t<div class=\"elementor-element elementor-element-517986b7 elementor-widget elementor-widget-text-editor\" data-id=\"517986b7\" data-element_type=\"widget\" data-widget_type=\"text-editor.default\">\n\t\t\t\t<div class=\"elementor-widget-container\">\n\t\t\t\t\t\t\t\t<div class=\"elementor-text-editor elementor-clearfix\">\n\t\t\t\t<!-- wp:verse -->\n<pre class=\"wp-block-verse\">Este decreto permite que los trabajadores que ganen menos de un salario m\u00ednimo legal mensual vigente, puedan realizar la cotizaci\u00f3n a pensi\u00f3n en relaci\u00f3n a su tiempo laborado. Actualmente dicha cotizaci\u00f3n no se puede realizar si devengas menos del salario m\u00ednimo.\n<\/pre>\n<!-- \/wp:verse -->\n\n<!-- wp:preformatted -->\n<pre class=\"wp-block-preformatted\"><a href=\"https:\/\/dapre.presidencia.gov.co\/normativa\/normativa\/DECRETO%201174%20DEL%2027%20DE%20AGOSTO%20DE%202020.pdf\" target=\"_blank\" rel=\"noreferrer noopener\">https:\/\/dapre.presidencia.gov.co\/normativa\/normativa\/DECRETO%201174%20DEL%2027%20DE%20AGOSTO%20DE%202020.pdf<\/a><\/pre>\n<!-- \/wp:preformatted -->\n\n<!-- wp:heading -->\n<h2><span style=\"color:#06006f\" class=\"has-inline-color\">\u00bfQui\u00e9nes quedan vinculados?<\/span><\/h2>\n<!-- \/wp:heading -->\n\n<!-- wp:list {\"ordered\":true} -->\n<ol><li><strong><span class=\"has-inline-color has-black-color\">Vinculados Obligatorios:<\/span><\/strong> <\/li><\/ol>\n<!-- \/wp:list -->\n\n<!-- wp:list -->\n<ul><li>Las personas que tengan uno o varios v\u00ednculos laborales por tiempo parcial y que en virtud de ello reciban un ingreso total mensual inferior a un (1) S.M.L.M.V.<\/li><li>Las personas que celebren uno o varios contratos por prestaci\u00f3n de servicios y que reciban una contraprestaci\u00f3n total mensual inferior a un (1) S.M.L.M.V. despu\u00e9s de descontar expensas y costos cuando a ello haya lugar de conformidad con lo establecido en el Art. 107 del Estatuto Tributario.<\/li><li>Las personas que cuenten con uno o varios v\u00ednculos laborales, y simult\u00e1neamente, con uno o varios contratos por prestaci\u00f3n de servicios, que reciban un ingreso total mensual inferior a un (1) S.M.L.M.V. despu\u00e9s de descontar expensas y costos cuando a ello haya lugar de conformidad con lo establecido en el Art. 107 del Estatuto Tributario.<\/li><\/ul>\n<!-- \/wp:list -->\n\n<!-- wp:paragraph -->\n<p>2. <strong>Vinculados Voluntarios:<\/strong><\/p>\n<!-- \/wp:paragraph -->\n\n<!-- wp:list -->\n<ul><li>Las personas que tengan no tengan una vinculaci\u00f3n laboral o no hayan suscrito un contrato de prestaci\u00f3n de servicios, incluidos los productores del sector agropecuario y no tengan capacidad de pago para cubrir el monto total de la cotizaci\u00f3n al Sistema Integral de Seguridad Social y cuyo ingreso total mensual sea inferior a un (1) S.M.L.M.V. despu\u00e9s de descontar expensas y costos cuando a ello haya lugar de conformidad con lo establecido en el Art. 107 del Estatuto Tributario.<\/li><\/ul>\n<!-- \/wp:list -->\n\n<!-- wp:heading -->\n<h2><span style=\"color:#06006f\" class=\"has-inline-color\">Valor de los Aportes<\/span><\/h2>\n<!-- \/wp:heading -->\n\n<!-- wp:list {\"ordered\":true} -->\n<ol><li><strong>Vinculados Obligatorios:<\/strong><\/li><\/ol>\n<!-- \/wp:list -->\n\n<!-- wp:paragraph -->\n<p>El Aporte deber\u00e1 efectuarse mensualmente por el empleador o contratante seg\u00fan corresponda, y podr\u00e1 realizarse en cualquier tiempo durante el mes en el que se desarrolla la actividad, por medio de los canales que la administradora del mecanismo disponga para este efecto. La cuant\u00eda corresponder\u00e1 al 15% del ingreso mensual obtenido en el periodo por el que se realiza dicho aporte. Este aporte ser\u00e1 adicional al valor convenido a pagar por el desarrollo de la actividad, sin que se pueda descontar de este \u00faltimo.<\/p>\n<!-- \/wp:paragraph -->\n\n<!-- wp:paragraph -->\n<p>2. <strong>Vinculados Voluntarios: <\/strong><\/p>\n<!-- \/wp:paragraph -->\n\n<!-- wp:paragraph -->\n<p>Los vinculados voluntarios al Piso de Protecci\u00f3n Social ser\u00e1n los responsables de realizar el aporte del 15% de su ingreso mensual, despu\u00e9s de descontar expensas y costos cuando a ello haya lugar de conformidad con lo establecido en el Art. 107 del Estatuto Tributario.<\/p>\n<!-- \/wp:paragraph -->\t\t\t\t\t<\/div>\n\t\t\t\t\t\t<\/div>\n\t\t\t\t<\/div>\n\t\t\t\t\t\t<\/div>\n\t\t\t\t\t<\/div>\n\t\t<\/div>\n\t\t\t\t\t\t\t\t<\/div>\n\t\t\t\t\t<\/div>\n\t\t<\/section>\n\t\t\t\t\t\t\t\t\t<\/div>\n\t\t\t<\/div>\n\t\t\t\t\t<\/div>\n\t\t ","protected":false},"excerpt":{"rendered":"<p>Este decreto permite que los trabajadores que ganen menos de un salario m\u00ednimo legal mensual vigente, puedan realizar la cotizaci\u00f3n a pensi\u00f3n en relaci\u00f3n a su tiempo laborado. Actualmente dicha cotizaci\u00f3n no se puede realizar si devengas menos del salario m\u00ednimo. https:\/\/dapre.presidencia.gov.co\/normativa\/normativa\/DECRETO%201174%20DEL%2027%20DE%20AGOSTO%20DE%202020.pdf \u00bfQui\u00e9nes quedan vinculados? Vinculados Obligatorios: Las personas que tengan uno o varios v\u00ednculos&hellip;&nbsp;<a href=\"https:\/\/mrcontadoresyconsultores.com\/index.php\/2020\/08\/11\/hola-mundo\/\" class=\"\" rel=\"bookmark\">Leer m\u00e1s &raquo;<span class=\"screen-reader-text\">Decreto 1174 Ago\/2020<\/span><\/a><\/p>\n","protected":false},"author":3,"featured_media":247,"comment_status":"open","ping_status":"open","sticky":false,"template":"","format":"standard","meta":{"_editorskit_title_hidden":false,"_editorskit_reading_time":1,"_editorskit_is_block_options_detached":false,"_editorskit_block_options_position":"{}","neve_meta_sidebar":"","neve_meta_container":"","neve_meta_enable_content_width":"off","neve_meta_content_width":0,"neve_meta_title_alignment":"","neve_meta_author_avatar":"","neve_post_elements_order":"","neve_meta_disable_header":"","neve_meta_disable_footer":"","neve_meta_disable_title":"","_themeisle_gutenberg_block_has_review":false,"footnotes":""},"categories":[1],"tags":[],"class_list":["post-1","post","type-post","status-publish","format-standard","has-post-thumbnail","hentry","category-sin-categoria"],"jetpack_featured_media_url":"https:\/\/mrcontadoresyconsultores.com\/wp-content\/uploads\/2020\/08\/foto-decreto.png","jetpack_sharing_enabled":true,"_links":{"self":[{"href":"https:\/\/mrcontadoresyconsultores.com\/index.php\/wp-json\/wp\/v2\/posts\/1","targetHints":{"allow":["GET"]}}],"collection":[{"href":"https:\/\/mrcontadoresyconsultores.com\/index.php\/wp-json\/wp\/v2\/posts"}],"about":[{"href":"https:\/\/mrcontadoresyconsultores.com\/index.php\/wp-json\/wp\/v2\/types\/post"}],"author":[{"embeddable":true,"href":"https:\/\/mrcontadoresyconsultores.com\/index.php\/wp-json\/wp\/v2\/users\/3"}],"replies":[{"embeddable":true,"href":"https:\/\/mrcontadoresyconsultores.com\/index.php\/wp-json\/wp\/v2\/comments?post=1"}],"version-history":[{"count":2,"href":"https:\/\/mrcontadoresyconsultores.com\/index.php\/wp-json\/wp\/v2\/posts\/1\/revisions"}],"predecessor-version":[{"id":575,"href":"https:\/\/mrcontadoresyconsultores.com\/index.php\/wp-json\/wp\/v2\/posts\/1\/revisions\/575"}],"wp:featuredmedia":[{"embeddable":true,"href":"https:\/\/mrcontadoresyconsultores.com\/index.php\/wp-json\/wp\/v2\/media\/247"}],"wp:attachment":[{"href":"https:\/\/mrcontadoresyconsultores.com\/index.php\/wp-json\/wp\/v2\/media?parent=1"}],"wp:term":[{"taxonomy":"category","embeddable":true,"href":"https:\/\/mrcontadoresyconsultores.com\/index.php\/wp-json\/wp\/v2\/categories?post=1"},{"taxonomy":"post_tag","embeddable":true,"href":"https:\/\/mrcontadoresyconsultores.com\/index.php\/wp-json\/wp\/v2\/tags?post=1"}],"curies":[{"name":"wp","href":"https:\/\/api.w.org\/{rel}","templated":true}]}}